{"id":138,"date":"2018-07-11T11:33:50","date_gmt":"2018-07-11T08:33:50","guid":{"rendered":"http:\/\/acwistanbul.com\/blog\/?p=138"},"modified":"2021-03-08T12:01:40","modified_gmt":"2021-03-08T09:01:40","slug":"kisisel-veriler-korunabilir-mi","status":"publish","type":"post","link":"https:\/\/www.acwistanbul.com\/blog\/kisisel-veriler-korunabilir-mi\/","title":{"rendered":"Ki\u015fisel Veriler Korunabilir mi?"},"content":{"rendered":"<p>\u0130ngiliz veri analiz firmas\u0131n\u0131n, <strong>Facebook<\/strong> kullan\u0131c\u0131s\u0131 milyonlarca ki\u015finin \u00f6zel bilgilerini izinsiz toplamas\u0131 sonras\u0131 sadece T\u00fcrkiye\u2019de de\u011fil, t\u00fcm d\u00fcnyada \u201c<strong>Ki\u015fisel veriler<\/strong> korunabilir mi?\u201d sorusu yeniden ak\u0131llara geldi. Peki, verinin en de\u011ferli maden oldu\u011fu g\u00fcn\u00fcm\u00fczde ki\u015fisel bilgilerimizi nas\u0131l saklar\u0131z? Ba\u015fkas\u0131n\u0131n eline ge\u00e7mesine nas\u0131l engel oluruz?<br \/>\nBu sorular\u0131n cevaplar\u0131n\u0131 bulmaya \u00e7al\u0131\u015faca\u011f\u0131z.<br \/>\n&#8211; Firmaya kendinize ait verileri nereden bulduklar\u0131n\u0131 sorun. Ki\u015fisel Verilerin Korunmas\u0131\u00a0 Kanunu (KVKK) gere\u011fi, T\u00fcrkiye\u2019de size mesaj g\u00f6nderen firmaya sorular y\u00f6neltebilirsiniz. Firma bunlara cevap vermek zorundad\u0131r. Aksi taktirde firmalardan \u015fik\u00e2yet\u00e7i olabilirsiniz.<br \/>\n&#8211; Ki\u015fisel verinizi bilmedi\u011finiz yerlerde paylamay\u0131n\u0131z. \u00d6zellikle sosyal medya a\u011flar\u0131nda size zorla kimse yapt\u0131rmaz. Gerekenden fazlas\u0131n\u0131 payla\u015fmak sizin elektronik olarak izinizi b\u0131rakman\u0131z\u0131 sa\u011flar. Bilgiyi nerede, kimlerle ne kadar payla\u015faca\u011f\u0131n\u0131z \u00f6nemli.<br \/>\n&#8211; Online al\u0131\u015fveri\u015f kanallar\u0131na giri\u015f yaparken, sosyal medya ile ba\u011flanmamaya \u00f6zen g\u00f6sterin. H\u0131zl\u0131 giri\u015f i\u00e7in tek tu\u015fla giri\u015f yap\u0131lan siteler, bilgilerin oraya akmas\u0131n\u0131 sa\u011flamaktad\u0131r.<br \/>\n&#8211; \u0130nternet kullan\u0131m oran\u0131 masa\u00fcst\u00fcnden daha fazla mobilden yap\u0131lmaya ba\u015fland\u0131. O y\u00fczden<br \/>\nbilmedi\u011fimiz, ara\u015ft\u0131rmad\u0131\u011f\u0131n\u0131z hi\u00e7bir uygulamay\u0131 cep telefonunuza y\u00fcklemeyiniz.<br \/>\n&#8211; \u0130nternete wi-fi ile ba\u011fland\u0131\u011f\u0131n\u0131z ortak alanlara dikkat etmeniz gerek. Gizlilik politikas\u0131na az da olsa g\u00f6z at\u0131lmal\u0131d\u0131r. Faydal\u0131 olacakt\u0131r.<br \/>\n&#8211; Verilerin tutulmas\u0131n\u0131 gerektiren sebep kalmad\u0131\u011f\u0131nda silinmesini isteyin. \u015eirketle ili\u015fkiniz kalmam\u0131\u015f ya da \u00fcye olup \u00e7\u0131km\u0131\u015fsan\u0131z silinmesini talep edebilirsiniz. Unutulmamal\u0131d\u0131r ki ki\u015fisel veriler, sadece sizin izin verdi\u011finiz kurum ya da ki\u015filer taraf\u0131ndan bilinebilir.<\/p>\n<p><a href=\"https:\/\/www.acwistanbul.com\/\"><strong>Acw \u0130stanbul<\/strong> <strong>reklam ajans\u0131<\/strong><\/a> olarak\u00a0 bir yaz\u0131m\u0131z\u0131n daha sonuna geldik. \ud83d\ude42<\/p>\n","protected":false},"excerpt":{"rendered":"<p>\u0130ngiliz veri analiz firmas\u0131n\u0131n, Facebook kullan\u0131c\u0131s\u0131 milyonlarca ki\u015finin \u00f6zel bilgilerini izinsiz toplamas\u0131 sonras\u0131 sadece T\u00fcrkiye\u2019de de\u011fil, t\u00fcm d\u00fcnyada \u201cKi\u015fisel veriler korunabilir mi?\u201d sorusu yeniden ak\u0131llara geldi. Peki, verinin en de\u011ferli maden oldu\u011fu g\u00fcn\u00fcm\u00fczde ki\u015fisel bilgilerimizi nas\u0131l saklar\u0131z? Ba\u015fkas\u0131n\u0131n eline ge\u00e7mesine nas\u0131l engel oluruz? Bu sorular\u0131n cevaplar\u0131n\u0131 bulmaya \u00e7al\u0131\u015faca\u011f\u0131z. &#8211; Firmaya kendinize ait verileri nereden bulduklar\u0131n\u0131 [&hellip;]<\/p>\n","protected":false},"author":2,"featured_media":360,"comment_status":"open","ping_status":"closed","sticky":false,"template":"","format":"standard","meta":{"footnotes":""},"categories":[18],"tags":[63,62,8],"class_list":["post-138","post","type-post","status-publish","format-standard","has-post-thumbnail","hentry","category-sosyal-medya","tag-facebook","tag-kisisel-veriler","tag-reklam-ajansi"],"yoast_head":"<!-- This site is optimized with the Yoast SEO plugin v21.5 - https:\/\/yoast.com\/wordpress\/plugins\/seo\/ -->\n<title>Ki\u015fisel Veriler Korunabilir mi? - Bu Blog, ACW \u0130STANBUL REKLAM AJANSI Resmi Yay\u0131n Organ\u0131d\u0131r.<\/title>\n<meta name=\"description\" content=\"Milyonlarca Facebook kullan\u0131c\u0131s\u0131n\u0131n bilgilerinin izinsiz toplanmas\u0131, t\u00fcm d\u00fcnyada ki\u015fisel veriler korunabilir mi? sorusunu ak\u0131llara getirdi.\" \/>\n<meta name=\"robots\" content=\"index, follow, max-snippet:-1, max-image-preview:large, max-video-preview:-1\" \/>\n<link rel=\"canonical\" href=\"https:\/\/www.acwistanbul.com\/blog\/kisisel-veriler-korunabilir-mi\/\" \/>\n<meta property=\"og:locale\" content=\"tr_TR\" \/>\n<meta property=\"og:type\" content=\"article\" \/>\n<meta property=\"og:title\" content=\"Ki\u015fisel Veriler Korunabilir mi? - Bu Blog, ACW \u0130STANBUL REKLAM AJANSI Resmi Yay\u0131n Organ\u0131d\u0131r.\" \/>\n<meta property=\"og:description\" content=\"Milyonlarca Facebook kullan\u0131c\u0131s\u0131n\u0131n bilgilerinin izinsiz toplanmas\u0131, t\u00fcm d\u00fcnyada ki\u015fisel veriler korunabilir mi? sorusunu ak\u0131llara getirdi.\" \/>\n<meta property=\"og:url\" content=\"https:\/\/www.acwistanbul.com\/blog\/kisisel-veriler-korunabilir-mi\/\" \/>\n<meta property=\"og:site_name\" content=\"Bu Blog, ACW \u0130STANBUL REKLAM AJANSI Resmi Yay\u0131n Organ\u0131d\u0131r.\" \/>\n<meta property=\"article:publisher\" content=\"https:\/\/www.facebook.com\/acw.istanbul.reklam\/\" \/>\n<meta property=\"article:published_time\" content=\"2018-07-11T08:33:50+00:00\" \/>\n<meta property=\"article:modified_time\" content=\"2021-03-08T09:01:40+00:00\" \/>\n<meta property=\"og:image\" content=\"https:\/\/www.acwistanbul.com\/blog\/wp-content\/uploads\/2018\/07\/kisisel-veriler.jpg\" \/>\n\t<meta property=\"og:image:width\" content=\"640\" \/>\n\t<meta property=\"og:image:height\" content=\"265\" \/>\n\t<meta property=\"og:image:type\" content=\"image\/jpeg\" \/>\n<meta name=\"author\" content=\"acwistanbul\" \/>\n<meta name=\"twitter:card\" content=\"summary_large_image\" \/>\n<meta name=\"twitter:creator\" content=\"@acwistanbul\" \/>\n<meta name=\"twitter:site\" content=\"@acwistanbul\" \/>\n<meta name=\"twitter:label1\" content=\"Yazan:\" \/>\n\t<meta name=\"twitter:data1\" content=\"acwistanbul\" \/>\n\t<meta name=\"twitter:label2\" content=\"Tahmini okuma s\u00fcresi\" \/>\n\t<meta name=\"twitter:data2\" content=\"1 dakika\" \/>\n<script type=\"application\/ld+json\" class=\"yoast-schema-graph\">{\"@context\":\"https:\/\/schema.org\",\"@graph\":[{\"@type\":\"Article\",\"@id\":\"https:\/\/www.acwistanbul.com\/blog\/kisisel-veriler-korunabilir-mi\/#article\",\"isPartOf\":{\"@id\":\"https:\/\/www.acwistanbul.com\/blog\/kisisel-veriler-korunabilir-mi\/\"},\"author\":{\"name\":\"acwistanbul\",\"@id\":\"https:\/\/www.acwistanbul.com\/blog\/#\/schema\/person\/d5a5b068ead6c1eccce1986292ab3a98\"},\"headline\":\"Ki\u015fisel Veriler Korunabilir mi?\",\"datePublished\":\"2018-07-11T08:33:50+00:00\",\"dateModified\":\"2021-03-08T09:01:40+00:00\",\"mainEntityOfPage\":{\"@id\":\"https:\/\/www.acwistanbul.com\/blog\/kisisel-veriler-korunabilir-mi\/\"},\"wordCount\":320,\"commentCount\":0,\"publisher\":{\"@id\":\"https:\/\/www.acwistanbul.com\/blog\/#organization\"},\"keywords\":[\"facebook\",\"Ki\u015fisel Veriler\",\"reklam ajans\u0131\"],\"articleSection\":[\"Sosyal Medya\"],\"inLanguage\":\"tr\",\"potentialAction\":[{\"@type\":\"CommentAction\",\"name\":\"Comment\",\"target\":[\"https:\/\/www.acwistanbul.com\/blog\/kisisel-veriler-korunabilir-mi\/#respond\"]}]},{\"@type\":\"WebPage\",\"@id\":\"https:\/\/www.acwistanbul.com\/blog\/kisisel-veriler-korunabilir-mi\/\",\"url\":\"https:\/\/www.acwistanbul.com\/blog\/kisisel-veriler-korunabilir-mi\/\",\"name\":\"Ki\u015fisel Veriler Korunabilir mi? - Bu Blog, ACW \u0130STANBUL REKLAM AJANSI Resmi Yay\u0131n Organ\u0131d\u0131r.\",\"isPartOf\":{\"@id\":\"https:\/\/www.acwistanbul.com\/blog\/#website\"},\"datePublished\":\"2018-07-11T08:33:50+00:00\",\"dateModified\":\"2021-03-08T09:01:40+00:00\",\"description\":\"Milyonlarca Facebook kullan\u0131c\u0131s\u0131n\u0131n bilgilerinin izinsiz toplanmas\u0131, t\u00fcm d\u00fcnyada ki\u015fisel veriler korunabilir mi? sorusunu ak\u0131llara getirdi.\",\"breadcrumb\":{\"@id\":\"https:\/\/www.acwistanbul.com\/blog\/kisisel-veriler-korunabilir-mi\/#breadcrumb\"},\"inLanguage\":\"tr\",\"potentialAction\":[{\"@type\":\"ReadAction\",\"target\":[\"https:\/\/www.acwistanbul.com\/blog\/kisisel-veriler-korunabilir-mi\/\"]}]},{\"@type\":\"BreadcrumbList\",\"@id\":\"https:\/\/www.acwistanbul.com\/blog\/kisisel-veriler-korunabilir-mi\/#breadcrumb\",\"itemListElement\":[{\"@type\":\"ListItem\",\"position\":1,\"name\":\"Anasayfa\",\"item\":\"https:\/\/www.acwistanbul.com\/blog\/\"},{\"@type\":\"ListItem\",\"position\":2,\"name\":\"Ki\u015fisel Veriler Korunabilir mi?\"}]},{\"@type\":\"WebSite\",\"@id\":\"https:\/\/www.acwistanbul.com\/blog\/#website\",\"url\":\"https:\/\/www.acwistanbul.com\/blog\/\",\"name\":\"Blog | Reklam Ajans\u0131\",\"description\":\"\",\"publisher\":{\"@id\":\"https:\/\/www.acwistanbul.com\/blog\/#organization\"},\"potentialAction\":[{\"@type\":\"SearchAction\",\"target\":{\"@type\":\"EntryPoint\",\"urlTemplate\":\"https:\/\/www.acwistanbul.com\/blog\/?s={search_term_string}\"},\"query-input\":\"required name=search_term_string\"}],\"inLanguage\":\"tr\"},{\"@type\":\"Organization\",\"@id\":\"https:\/\/www.acwistanbul.com\/blog\/#organization\",\"name\":\"Blog | Reklam Ajans\u0131\",\"url\":\"https:\/\/www.acwistanbul.com\/blog\/\",\"logo\":{\"@type\":\"ImageObject\",\"inLanguage\":\"tr\",\"@id\":\"https:\/\/www.acwistanbul.com\/blog\/#\/schema\/logo\/image\/\",\"url\":\"https:\/\/www.acwistanbul.com\/blog\/wp-content\/uploads\/2018\/06\/cropped-logo-transparent-1.png\",\"contentUrl\":\"https:\/\/www.acwistanbul.com\/blog\/wp-content\/uploads\/2018\/06\/cropped-logo-transparent-1.png\",\"width\":168,\"height\":56,\"caption\":\"Blog | Reklam Ajans\u0131\"},\"image\":{\"@id\":\"https:\/\/www.acwistanbul.com\/blog\/#\/schema\/logo\/image\/\"},\"sameAs\":[\"https:\/\/www.facebook.com\/acw.istanbul.reklam\/\",\"https:\/\/twitter.com\/acwistanbul\"]},{\"@type\":\"Person\",\"@id\":\"https:\/\/www.acwistanbul.com\/blog\/#\/schema\/person\/d5a5b068ead6c1eccce1986292ab3a98\",\"name\":\"acwistanbul\",\"image\":{\"@type\":\"ImageObject\",\"inLanguage\":\"tr\",\"@id\":\"https:\/\/www.acwistanbul.com\/blog\/#\/schema\/person\/image\/\",\"url\":\"https:\/\/www.acwistanbul.com\/blog\/wp-content\/uploads\/2018\/09\/web-yaziliminin-ozellikleri-150x150.jpg\",\"contentUrl\":\"https:\/\/www.acwistanbul.com\/blog\/wp-content\/uploads\/2018\/09\/web-yaziliminin-ozellikleri-150x150.jpg\",\"caption\":\"acwistanbul\"},\"url\":\"https:\/\/www.acwistanbul.com\/blog\/author\/acwistanbul\/\"}]}<\/script>\n<!-- \/ Yoast SEO plugin. -->","yoast_head_json":{"title":"Ki\u015fisel Veriler Korunabilir mi? - Bu Blog, ACW \u0130STANBUL REKLAM AJANSI Resmi Yay\u0131n Organ\u0131d\u0131r.","description":"Milyonlarca Facebook kullan\u0131c\u0131s\u0131n\u0131n bilgilerinin izinsiz toplanmas\u0131, t\u00fcm d\u00fcnyada ki\u015fisel veriler korunabilir mi? sorusunu ak\u0131llara getirdi.","robots":{"index":"index","follow":"follow","max-snippet":"max-snippet:-1","max-image-preview":"max-image-preview:large","max-video-preview":"max-video-preview:-1"},"canonical":"https:\/\/www.acwistanbul.com\/blog\/kisisel-veriler-korunabilir-mi\/","og_locale":"tr_TR","og_type":"article","og_title":"Ki\u015fisel Veriler Korunabilir mi? - Bu Blog, ACW \u0130STANBUL REKLAM AJANSI Resmi Yay\u0131n Organ\u0131d\u0131r.","og_description":"Milyonlarca Facebook kullan\u0131c\u0131s\u0131n\u0131n bilgilerinin izinsiz toplanmas\u0131, t\u00fcm d\u00fcnyada ki\u015fisel veriler korunabilir mi? sorusunu ak\u0131llara getirdi.","og_url":"https:\/\/www.acwistanbul.com\/blog\/kisisel-veriler-korunabilir-mi\/","og_site_name":"Bu Blog, ACW \u0130STANBUL REKLAM AJANSI Resmi Yay\u0131n Organ\u0131d\u0131r.","article_publisher":"https:\/\/www.facebook.com\/acw.istanbul.reklam\/","article_published_time":"2018-07-11T08:33:50+00:00","article_modified_time":"2021-03-08T09:01:40+00:00","og_image":[{"width":640,"height":265,"url":"https:\/\/www.acwistanbul.com\/blog\/wp-content\/uploads\/2018\/07\/kisisel-veriler.jpg","type":"image\/jpeg"}],"author":"acwistanbul","twitter_card":"summary_large_image","twitter_creator":"@acwistanbul","twitter_site":"@acwistanbul","twitter_misc":{"Yazan:":"acwistanbul","Tahmini okuma s\u00fcresi":"1 dakika"},"schema":{"@context":"https:\/\/schema.org","@graph":[{"@type":"Article","@id":"https:\/\/www.acwistanbul.com\/blog\/kisisel-veriler-korunabilir-mi\/#article","isPartOf":{"@id":"https:\/\/www.acwistanbul.com\/blog\/kisisel-veriler-korunabilir-mi\/"},"author":{"name":"acwistanbul","@id":"https:\/\/www.acwistanbul.com\/blog\/#\/schema\/person\/d5a5b068ead6c1eccce1986292ab3a98"},"headline":"Ki\u015fisel Veriler Korunabilir mi?","datePublished":"2018-07-11T08:33:50+00:00","dateModified":"2021-03-08T09:01:40+00:00","mainEntityOfPage":{"@id":"https:\/\/www.acwistanbul.com\/blog\/kisisel-veriler-korunabilir-mi\/"},"wordCount":320,"commentCount":0,"publisher":{"@id":"https:\/\/www.acwistanbul.com\/blog\/#organization"},"keywords":["facebook","Ki\u015fisel Veriler","reklam ajans\u0131"],"articleSection":["Sosyal Medya"],"inLanguage":"tr","potentialAction":[{"@type":"CommentAction","name":"Comment","target":["https:\/\/www.acwistanbul.com\/blog\/kisisel-veriler-korunabilir-mi\/#respond"]}]},{"@type":"WebPage","@id":"https:\/\/www.acwistanbul.com\/blog\/kisisel-veriler-korunabilir-mi\/","url":"https:\/\/www.acwistanbul.com\/blog\/kisisel-veriler-korunabilir-mi\/","name":"Ki\u015fisel Veriler Korunabilir mi? - Bu Blog, ACW \u0130STANBUL REKLAM AJANSI Resmi Yay\u0131n Organ\u0131d\u0131r.","isPartOf":{"@id":"https:\/\/www.acwistanbul.com\/blog\/#website"},"datePublished":"2018-07-11T08:33:50+00:00","dateModified":"2021-03-08T09:01:40+00:00","description":"Milyonlarca Facebook kullan\u0131c\u0131s\u0131n\u0131n bilgilerinin izinsiz toplanmas\u0131, t\u00fcm d\u00fcnyada ki\u015fisel veriler korunabilir mi? sorusunu ak\u0131llara getirdi.","breadcrumb":{"@id":"https:\/\/www.acwistanbul.com\/blog\/kisisel-veriler-korunabilir-mi\/#breadcrumb"},"inLanguage":"tr","potentialAction":[{"@type":"ReadAction","target":["https:\/\/www.acwistanbul.com\/blog\/kisisel-veriler-korunabilir-mi\/"]}]},{"@type":"BreadcrumbList","@id":"https:\/\/www.acwistanbul.com\/blog\/kisisel-veriler-korunabilir-mi\/#breadcrumb","itemListElement":[{"@type":"ListItem","position":1,"name":"Anasayfa","item":"https:\/\/www.acwistanbul.com\/blog\/"},{"@type":"ListItem","position":2,"name":"Ki\u015fisel Veriler Korunabilir mi?"}]},{"@type":"WebSite","@id":"https:\/\/www.acwistanbul.com\/blog\/#website","url":"https:\/\/www.acwistanbul.com\/blog\/","name":"Blog | Reklam Ajans\u0131","description":"","publisher":{"@id":"https:\/\/www.acwistanbul.com\/blog\/#organization"},"potentialAction":[{"@type":"SearchAction","target":{"@type":"EntryPoint","urlTemplate":"https:\/\/www.acwistanbul.com\/blog\/?s={search_term_string}"},"query-input":"required name=search_term_string"}],"inLanguage":"tr"},{"@type":"Organization","@id":"https:\/\/www.acwistanbul.com\/blog\/#organization","name":"Blog | Reklam Ajans\u0131","url":"https:\/\/www.acwistanbul.com\/blog\/","logo":{"@type":"ImageObject","inLanguage":"tr","@id":"https:\/\/www.acwistanbul.com\/blog\/#\/schema\/logo\/image\/","url":"https:\/\/www.acwistanbul.com\/blog\/wp-content\/uploads\/2018\/06\/cropped-logo-transparent-1.png","contentUrl":"https:\/\/www.acwistanbul.com\/blog\/wp-content\/uploads\/2018\/06\/cropped-logo-transparent-1.png","width":168,"height":56,"caption":"Blog | Reklam Ajans\u0131"},"image":{"@id":"https:\/\/www.acwistanbul.com\/blog\/#\/schema\/logo\/image\/"},"sameAs":["https:\/\/www.facebook.com\/acw.istanbul.reklam\/","https:\/\/twitter.com\/acwistanbul"]},{"@type":"Person","@id":"https:\/\/www.acwistanbul.com\/blog\/#\/schema\/person\/d5a5b068ead6c1eccce1986292ab3a98","name":"acwistanbul","image":{"@type":"ImageObject","inLanguage":"tr","@id":"https:\/\/www.acwistanbul.com\/blog\/#\/schema\/person\/image\/","url":"https:\/\/www.acwistanbul.com\/blog\/wp-content\/uploads\/2018\/09\/web-yaziliminin-ozellikleri-150x150.jpg","contentUrl":"https:\/\/www.acwistanbul.com\/blog\/wp-content\/uploads\/2018\/09\/web-yaziliminin-ozellikleri-150x150.jpg","caption":"acwistanbul"},"url":"https:\/\/www.acwistanbul.com\/blog\/author\/acwistanbul\/"}]}},"_links":{"self":[{"href":"https:\/\/www.acwistanbul.com\/blog\/wp-json\/wp\/v2\/posts\/138","targetHints":{"allow":["GET"]}}],"collection":[{"href":"https:\/\/www.acwistanbul.com\/blog\/wp-json\/wp\/v2\/posts"}],"about":[{"href":"https:\/\/www.acwistanbul.com\/blog\/wp-json\/wp\/v2\/types\/post"}],"author":[{"embeddable":true,"href":"https:\/\/www.acwistanbul.com\/blog\/wp-json\/wp\/v2\/users\/2"}],"replies":[{"embeddable":true,"href":"https:\/\/www.acwistanbul.com\/blog\/wp-json\/wp\/v2\/comments?post=138"}],"version-history":[{"count":4,"href":"https:\/\/www.acwistanbul.com\/blog\/wp-json\/wp\/v2\/posts\/138\/revisions"}],"predecessor-version":[{"id":357,"href":"https:\/\/www.acwistanbul.com\/blog\/wp-json\/wp\/v2\/posts\/138\/revisions\/357"}],"wp:featuredmedia":[{"embeddable":true,"href":"https:\/\/www.acwistanbul.com\/blog\/wp-json\/wp\/v2\/media\/360"}],"wp:attachment":[{"href":"https:\/\/www.acwistanbul.com\/blog\/wp-json\/wp\/v2\/media?parent=138"}],"wp:term":[{"taxonomy":"category","embeddable":true,"href":"https:\/\/www.acwistanbul.com\/blog\/wp-json\/wp\/v2\/categories?post=138"},{"taxonomy":"post_tag","embeddable":true,"href":"https:\/\/www.acwistanbul.com\/blog\/wp-json\/wp\/v2\/tags?post=138"}],"curies":[{"name":"wp","href":"https:\/\/api.w.org\/{rel}","templated":true}]}}